{"id":4728,"date":"2022-01-02T14:39:29","date_gmt":"2022-01-02T14:39:29","guid":{"rendered":"https:\/\/kelpom.fr\/blog\/?p=4728"},"modified":"2023-05-21T20:09:06","modified_gmt":"2023-05-21T20:09:06","slug":"retrospective-apple-en-2021","status":"publish","type":"post","link":"https:\/\/kelpom.fr\/blog\/fr\/retrospective-apple-en-2021\/","title":{"rendered":"R\u00e9trospective: Apple en 2021"},"content":{"rendered":"\n<p class=\"has-drop-cap\">Chaque ann\u00e9e Apple lance de nouveaux produits et, dans le m\u00eame temps, d&rsquo;autres sont retir\u00e9s des rayons. Faisons le point sur ce qu&rsquo;Apple nous a r\u00e9serv\u00e9 en 2021.<\/p>\n\n\n\n<h2>Du c\u00f4t\u00e9 des iPhones<\/h2>\n\n\n\n<figure class=\"wp-block-image size-full\"><img loading=\"lazy\" width=\"1016\" height=\"442\" src=\"https:\/\/kelpom.fr\/blog\/wp-content\/uploads\/2022\/01\/iphone-13.jpg\" alt=\"\" class=\"wp-image-4843\" srcset=\"https:\/\/kelpom.fr\/blog\/wp-content\/uploads\/2022\/01\/iphone-13.jpg 1016w, https:\/\/kelpom.fr\/blog\/wp-content\/uploads\/2022\/01\/iphone-13-300x131.jpg 300w, https:\/\/kelpom.fr\/blog\/wp-content\/uploads\/2022\/01\/iphone-13-768x334.jpg 768w\" sizes=\"(max-width: 1016px) 100vw, 1016px\" \/><figcaption>iPhone 13<\/figcaption><\/figure>\n\n\n\n<p><\/p>\n\n\n\n<p>\u00c9videmment, l&rsquo;iPhone est l&rsquo;un des produits Apple les plus attendus et, m\u00eame si c&rsquo;\u00e9tait encore une fois le cas en 2021, il n&rsquo;y a pas eu de r\u00e9volution avec la nouvelle gamme d&rsquo;iPhones 13 et 13 Pro. Comme il fallait s&rsquo;y attendre, Apple a repris le design de l&rsquo;iPhone 12 et a apport\u00e9 des am\u00e9liorations plus ou moins significatives. En r\u00e9sum\u00e9 les nouveaux iPhones disposent d&rsquo;un meilleur processeur, d&rsquo;appareils photo plus performants et d&rsquo;une batterie qui tient plus longtemps.<\/p>\n\n\n\n<p>\u00c0 l&rsquo;occasion du lancement de ce nouveau mod\u00e8le, Apple a retir\u00e9 les iPhones 12 Pro et 12 Pro Max de sa boutique mais a conserv\u00e9 les iPhone 12 et 12 mini d\u00e9sormais propos\u00e9s \u00e0 un prix plus bas. L&rsquo;iPhone XR fait lui aussi parti des victimes du m\u00e9nage annuel. Par contre, l&rsquo;iPhone 11 lanc\u00e9 en 2019 ainsi que l&rsquo;iPhone SE 2020 sont quant \u00e0 eux toujours disponibles.<\/p>\n\n\n\n<div class=\"wp-block-columns\">\n<div class=\"wp-block-column\">\n<h4>Nouveau en 2021<\/h4>\n\n\n\n<ul><li>iPhone 13<\/li><li>iPhone 13 mini<\/li><li>iPhone 13 Pro<\/li><li>iPhone 13 Pro Max<\/li><\/ul>\n<\/div>\n\n\n\n<div class=\"wp-block-column\">\n<h4>Toujours disponible<\/h4>\n\n\n\n<ul><li>iPhone 11<\/li><li>iPhone SE 2020<\/li><\/ul>\n<\/div>\n\n\n\n<div class=\"wp-block-column\">\n<h4>Retir\u00e9 de la vente<\/h4>\n\n\n\n<ul><li>iPhone 12 Pro<\/li><li>iPhone 12 Pro Max<\/li><li>iPhone XR<\/li><\/ul>\n<\/div>\n<\/div>\n\n\n\n<h2>Le coin des Tablettes<\/h2>\n\n\n\n<figure class=\"wp-block-image size-full\"><img loading=\"lazy\" width=\"872\" height=\"457\" src=\"https:\/\/kelpom.fr\/blog\/wp-content\/uploads\/2022\/01\/ipad-mini-6.jpg\" alt=\"\" class=\"wp-image-4845\" srcset=\"https:\/\/kelpom.fr\/blog\/wp-content\/uploads\/2022\/01\/ipad-mini-6.jpg 872w, https:\/\/kelpom.fr\/blog\/wp-content\/uploads\/2022\/01\/ipad-mini-6-300x157.jpg 300w, https:\/\/kelpom.fr\/blog\/wp-content\/uploads\/2022\/01\/ipad-mini-6-768x402.jpg 768w\" sizes=\"(max-width: 872px) 100vw, 872px\" \/><figcaption>iPad mini 6 (2021)<\/figcaption><\/figure>\n\n\n\n<p><\/p>\n\n\n\n<p>En ce qui concerne les iPads, Apple en a r\u00e9joui plus d&rsquo;un avec la mise `a jour du design de l&rsquo;iPad mini dont c&rsquo;est la 6\u00e8me g\u00e9n\u00e9ration. Pr\u00e8s de 9 ans apr\u00e8s le lancement de la premi\u00e8re version en 2012, l&rsquo;iPad mini 6 h\u00e9rite enfin du design industriel qui \u00e9tait jusque l\u00e0 r\u00e9serv\u00e9 aux iPads Pro et Air. \u00c7a n&rsquo;a pas \u00e9t\u00e9 le cas du mod\u00e8le d&rsquo;entr\u00e9e de gamme: l&rsquo;iPad \u00ab\u00a0tout court\u00a0\u00bb qui avec la mise \u00e0 jour d&rsquo;Octobre 2021 entre dans sa 9\u00e8me g\u00e9n\u00e9ration, conserve le design des versions pr\u00e9c\u00e9dentes.<\/p>\n\n\n\n<p>En peu plus t\u00f4t dans l&rsquo;ann\u00e9e, lors de l&rsquo;<em>Apple Event<\/em> d&rsquo;Avril, Apple avait d\u00e9j\u00e0 mis \u00e0 jour sa gamme Pro avec les iPads Pro 11 et 12,9 pouces et avait impressionn\u00e9 les foules en int\u00e9grant la puce M1 qui n&rsquo;\u00e9tait jusque l\u00e0 utilis\u00e9e que dans les Macs.<\/p>\n\n\n\n<p>L&rsquo;iPad Air de 4\u00e8me g\u00e9n\u00e9ration qui avait \u00e9t\u00e9 lanc\u00e9 fin 2020 n&rsquo;a pas \u00e9t\u00e9 rafra\u00eechi et est toujours propos\u00e9 \u00e0 la vente dans l&rsquo;Apple Store. <\/p>\n\n\n\n<div class=\"wp-block-columns\">\n<div class=\"wp-block-column\" style=\"flex-basis:100%\">\n<div class=\"wp-block-columns\">\n<div class=\"wp-block-column\">\n<h4>Nouveau en 2021<\/h4>\n\n\n\n<ul><li>iPad Pro 11 pouces (3\u00e8me Gen.)<\/li><li>iPad Pro 12,9 pouces (5\u00e8me Gen.)<\/li><li>iPad mini (6\u00e8me Gen,)<\/li><li>iPad (9\u00e8me Gen)<\/li><\/ul>\n<\/div>\n\n\n\n<div class=\"wp-block-column\">\n<h4>Toujours disponible<\/h4>\n\n\n\n<ul><li>iPad Air (4\u00e8me Gen.,)<\/li><\/ul>\n\n\n\n<p><\/p>\n<\/div>\n\n\n\n<div class=\"wp-block-column\">\n<h4>Retir\u00e9 de la vente<\/h4>\n\n\n\n<ul><li>iPad Pro 11 pouces (2\u00e8me Gen.)<\/li><li>iPad Pro 12,9 pouces (4\u00e8me Gen.)<\/li><li>iPad mini (5\u00e8me Gen.)<\/li><li>iPad (8\u00e8me Gen.)<\/li><\/ul>\n\n\n\n<p><\/p>\n<\/div>\n<\/div>\n<\/div>\n<\/div>\n\n\n\n<h2>Au rayon Horlogerie<\/h2>\n\n\n\n<figure class=\"wp-block-image size-full\"><img loading=\"lazy\" width=\"980\" height=\"418\" src=\"https:\/\/kelpom.fr\/blog\/wp-content\/uploads\/2022\/01\/Apple-Watch-Series-7.jpg\" alt=\"\" class=\"wp-image-4846\" srcset=\"https:\/\/kelpom.fr\/blog\/wp-content\/uploads\/2022\/01\/Apple-Watch-Series-7.jpg 980w, https:\/\/kelpom.fr\/blog\/wp-content\/uploads\/2022\/01\/Apple-Watch-Series-7-300x128.jpg 300w, https:\/\/kelpom.fr\/blog\/wp-content\/uploads\/2022\/01\/Apple-Watch-Series-7-768x328.jpg 768w\" sizes=\"(max-width: 980px) 100vw, 980px\" \/><figcaption>Apple Watch Series 7<\/figcaption><\/figure>\n\n\n\n<p>L&rsquo;Apple Watch a \u00e9galement re\u00e7u sa mise \u00e0 jour annuelle en Octobre 2021 avec l&rsquo;arriv\u00e9e de la \u00ab\u00a0Series 7\u00a0\u00bb. Cette nouvelle g\u00e9n\u00e9ration apporte son lot d&rsquo;am\u00e9liorations dont la plus remarquable est bien s\u00fbr son \u00e9cran plus spacieux. D&rsquo;apr\u00e8s Apple, la surface de l&rsquo;\u00e9cran est ainsi de 20% sup\u00e9rieur \u00e0 l&rsquo;Apple Watch SE. D&rsquo;autres am\u00e9liorations sont bien s\u00fbr au rendez-vous: meilleure r\u00e9sistance aux chocs avec un verre plus \u00e9pais, recharge 33% plus rapide que la \u00ab\u00a0Series 6\u00a0\u00bb et un nouveau processeur plus rapide. Les collections Nike, Herm\u00e8s et Edition ont \u00e9galement re\u00e7u leur mise \u00e0 jour \u00ab\u00a0Series 7\u00a0\u00bb.<\/p>\n\n\n\n<p>En ce qui concerne les mat\u00e9riaux, il n&rsquo;y a pas eu de changement. En fonction des mod\u00e8les, les Apple Watch Series 7 sont disponibles avec des bo\u00eetiers en Aluminium, Acier Inoxydable ou Titane. Par contre, Apple a introduit de nouvelles couleurs (Lumi\u00e8re Stellaire et Vert).<\/p>\n\n\n\n<p>Avec le passage \u00e0 la nouvelle g\u00e9n\u00e9ration, l&rsquo;Apple Watch Series 6 a \u00e9t\u00e9 retir\u00e9e des rayons mais les Apple Watch SE de 2020 et la vaillante Apple Watch Series 3 (2017) sont toujours disponibles dans l&rsquo;Apple Store.<\/p>\n\n\n\n<div class=\"wp-block-columns\">\n<div class=\"wp-block-column\">\n<h4>Nouveau en 2021<\/h4>\n\n\n\n<ul><li>Apple Watch Series 7<\/li><li>Apple Watch Nike (Series 7)<\/li><li>Apple Watch Herm\u00e8s (Series 7)<\/li><li>Apple Watch Edition (Series 7)<\/li><\/ul>\n<\/div>\n\n\n\n<div class=\"wp-block-column\">\n<h4>Toujours disponible<\/h4>\n\n\n\n<ul><li>Apple Watch SE<\/li><li>Apple Watch Series 3<\/li><\/ul>\n<\/div>\n\n\n\n<div class=\"wp-block-column\">\n<h4>Retir\u00e9 de la vente<\/h4>\n\n\n\n<ul><li>Apple Watch Series 6<\/li><li>Apple Watch Nike (Series 6)<\/li><li>Apple Watch Herm\u00e8s (Series 6)<\/li><li>Apple Watch Edition (Series 6)<\/li><\/ul>\n<\/div>\n<\/div>\n\n\n\n<p><\/p>\n\n\n\n<h2>Dans la famille Macintosh<\/h2>\n\n\n\n<figure class=\"wp-block-image size-full\"><img loading=\"lazy\" width=\"872\" height=\"376\" src=\"https:\/\/kelpom.fr\/blog\/wp-content\/uploads\/2022\/01\/imac-24-2021.jpg\" alt=\"\" class=\"wp-image-4847\" srcset=\"https:\/\/kelpom.fr\/blog\/wp-content\/uploads\/2022\/01\/imac-24-2021.jpg 872w, https:\/\/kelpom.fr\/blog\/wp-content\/uploads\/2022\/01\/imac-24-2021-300x129.jpg 300w, https:\/\/kelpom.fr\/blog\/wp-content\/uploads\/2022\/01\/imac-24-2021-768x331.jpg 768w\" sizes=\"(max-width: 872px) 100vw, 872px\" \/><figcaption>iMac 24 pouces (2021)<\/figcaption><\/figure>\n\n\n\n<p>L&rsquo;actualit\u00e9 a \u00e9t\u00e9 \u00e9galement bien remplie en 2021 chez les Macs. En d\u00e9but d&rsquo;ann\u00e9e, l&rsquo;une des stars de l&rsquo;<em>Apple Event<\/em> de printemps avait \u00e9t\u00e9 l&rsquo;iMac 24 pouces avec son nouveau profil extr\u00eamement fin, sa gamme de 7 couleurs et sa puce Apple M1.<\/p>\n\n\n\n<p>Les portables n&rsquo;\u00e9taient pas en reste non plus avec l&rsquo;annonce en Octobre de deux nouveaux MacBook Pro qui ont eux aussi ont b\u00e9n\u00e9fici\u00e9 d&rsquo;un \u00ab\u00a0lifting\u00a0\u00bb pour l&rsquo;occasion avec des changements notables: nouveau format 14 pouces, disparition de la <em>Touch Bar<\/em> et retour de ports SDXC, HDMI et, pour le chargement, d&rsquo;un port MagSafe 3 comme autrefois !<\/p>\n\n\n\n<p>Du c\u00f4t\u00e9 des performances, Apple n&rsquo;a pas l\u00e9sin\u00e9 et propose pour ses portables professionnels 2 nouvelles versions de sa puce maison M1: l&rsquo;Apple M1 Pro et M1 Pro Max.<\/p>\n\n\n\n<p>En plus du retrait naturel de l&rsquo;iMac 21,5 pouces remplac\u00e9 par le nouveau mod\u00e8le de 24 pouces, notons que l&rsquo;iMac Pro initialement lanc\u00e9 fin 2017 a disparu des rayons sans laisser de successeur&#8230;<\/p>\n\n\n\n<div class=\"wp-block-columns\">\n<div class=\"wp-block-column\">\n<h4>Nouveau en 2021<\/h4>\n\n\n\n<ul><li>iMac 24 pouces (2021)<\/li><li>MacBook Pro 14&Prime; (2021)<\/li><li>MacBook Pro 16&Prime; (2021)<\/li><\/ul>\n<\/div>\n\n\n\n<div class=\"wp-block-column\">\n<h4>Toujours disponible<\/h4>\n\n\n\n<ul><li>MacBook Air (M1, 2020)<\/li><li>MacBook Pro 13&Prime; (M1, 2020)<\/li><li>iMac 27&Prime; (2020)<\/li><li>Mac mini (M1, 2020)<\/li><li>Mac Pro (2019)<\/li><\/ul>\n<\/div>\n\n\n\n<div class=\"wp-block-column\">\n<h4>Retir\u00e9 de la vente<\/h4>\n\n\n\n<ul><li>iMac 21,5&Prime; (2019)<\/li><li>iMac Pro<\/li><\/ul>\n<\/div>\n<\/div>\n\n\n\n<h2>Dans les autres cat\u00e9gories<\/h2>\n\n\n\n<figure class=\"wp-block-image size-full\"><img loading=\"lazy\" width=\"959\" height=\"376\" src=\"https:\/\/kelpom.fr\/blog\/wp-content\/uploads\/2022\/01\/homepod-mini.jpg\" alt=\"\" class=\"wp-image-4848\" srcset=\"https:\/\/kelpom.fr\/blog\/wp-content\/uploads\/2022\/01\/homepod-mini.jpg 959w, https:\/\/kelpom.fr\/blog\/wp-content\/uploads\/2022\/01\/homepod-mini-300x118.jpg 300w, https:\/\/kelpom.fr\/blog\/wp-content\/uploads\/2022\/01\/homepod-mini-768x301.jpg 768w\" sizes=\"(max-width: 959px) 100vw, 959px\" \/><figcaption>HomePod mini<\/figcaption><\/figure>\n\n\n\n<p>Parmi les appareils de la cat\u00e9gorie \u00ab\u00a0Autres\u00a0\u00bb notons le lancement d&rsquo;un tout nouveau produit: les AirTags. Il s&rsquo;agit d&rsquo;un syst\u00e8me ing\u00e9nieux pour retrouver tout objet auquel l&rsquo;AirTag est attach\u00e9 et reposant sur la technologie Bluetooth et le maillage form\u00e9 par les produit Apple utilisant la fonction \u00ab\u00a0Localiser\u00a0\u00bb.<\/p>\n\n\n\n<p>Chez les assistants intelligents, Apple a remplac\u00e9 son HomePod de 2018 par une version plus compacte et plus color\u00e9e: le HomePod mini.<\/p>\n\n\n\n<div class=\"wp-block-columns\">\n<div class=\"wp-block-column\">\n<h4>Nouveau en 2021<\/h4>\n\n\n\n<ul><li>AirTags<\/li><li>HomePod mini<\/li><li>AirPods (3\u00e8me Gen.)<\/li><li>Apple TV 4K (2\u00e8me Gen.)<\/li><\/ul>\n<\/div>\n\n\n\n<div class=\"wp-block-column\">\n<h4>Toujours disponible<\/h4>\n\n\n\n<ul><li>AirPods (2\u00e8me Gen.)<\/li><li>AirPods Pro<\/li><li>AirPods Max<\/li><\/ul>\n<\/div>\n\n\n\n<div class=\"wp-block-column\">\n<h4>Retir\u00e9 de la vente <\/h4>\n\n\n\n<ul><li>HomePod<\/li><li>Apple TV 4K (1\u00e8re Gen.)<\/li><\/ul>\n\n\n\n<p><\/p>\n<\/div>\n<\/div>\n\n\n\n<p><\/p>\n","protected":false},"excerpt":{"rendered":"<p>Chaque ann\u00e9e Apple lance de nouveaux produits et, dans le m\u00eame temps, d&rsquo;autres sont retir\u00e9s des rayons. Faisons le point sur ce qu&rsquo;Apple nous a r\u00e9serv\u00e9 [&hellip;]<\/p>\n","protected":false},"author":1,"featured_media":4849,"comment_status":"open","ping_status":"open","sticky":false,"template":"","format":"standard","meta":[],"categories":[],"tags":[],"yoast_head":"<!-- This site is optimized with the Yoast SEO plugin v17.9 - https:\/\/yoast.com\/wordpress\/plugins\/seo\/ -->\n<title>R\u00e9trospective: Apple en 2021 - Kelpom, le Blog<\/title>\n<meta name=\"description\" content=\"Retour sur les annonces et les nouveaux iPhone, iPad, Apple Watch, Macs et autres produits lanc\u00e9s par Apple en 2021\" \/>\n<meta name=\"robots\" content=\"index, follow, max-snippet:-1, max-image-preview:large, max-video-preview:-1\" \/>\n<link rel=\"canonical\" href=\"https:\/\/kelpom.fr\/blog\/fr\/retrospective-apple-en-2021\/\" \/>\n<meta property=\"og:locale\" content=\"fr_FR\" \/>\n<meta property=\"og:type\" content=\"article\" \/>\n<meta property=\"og:title\" content=\"R\u00e9trospective: Apple en 2021 - Kelpom, le Blog\" \/>\n<meta property=\"og:description\" content=\"Retour sur les annonces et les nouveaux iPhone, iPad, Apple Watch, Macs et autres produits lanc\u00e9s par Apple en 2021\" \/>\n<meta property=\"og:url\" content=\"https:\/\/kelpom.fr\/blog\/fr\/retrospective-apple-en-2021\/\" \/>\n<meta property=\"og:site_name\" content=\"Kelpom, le Blog\" \/>\n<meta property=\"article:publisher\" content=\"https:\/\/www.facebook.com\/kelpom\" \/>\n<meta property=\"article:published_time\" content=\"2022-01-02T14:39:29+00:00\" \/>\n<meta property=\"article:modified_time\" content=\"2023-05-21T20:09:06+00:00\" \/>\n<meta property=\"og:image\" content=\"https:\/\/kelpom.fr\/blog\/wp-content\/uploads\/2022\/01\/apple-2021.jpg\" \/>\n\t<meta property=\"og:image:width\" content=\"1200\" \/>\n\t<meta property=\"og:image:height\" content=\"630\" \/>\n\t<meta property=\"og:image:type\" content=\"image\/jpeg\" \/>\n<meta name=\"twitter:card\" content=\"summary_large_image\" \/>\n<meta name=\"twitter:creator\" content=\"@Kelpom\" \/>\n<meta name=\"twitter:site\" content=\"@Kelpom\" \/>\n<meta name=\"twitter:label1\" content=\"\u00c9crit par\" \/>\n\t<meta name=\"twitter:data1\" content=\"Guillaume Obajtek\" \/>\n\t<meta name=\"twitter:label2\" content=\"Dur\u00e9e de lecture estim\u00e9e\" \/>\n\t<meta name=\"twitter:data2\" content=\"7 minutes\" \/>\n<script type=\"application\/ld+json\" class=\"yoast-schema-graph\">{\"@context\":\"https:\/\/schema.org\",\"@graph\":[{\"@type\":\"Organization\",\"@id\":\"https:\/\/kelpom.fr\/blog\/#organization\",\"name\":\"Kelpom.fr\",\"url\":\"https:\/\/kelpom.fr\/blog\/\",\"sameAs\":[\"https:\/\/www.facebook.com\/kelpom\",\"https:\/\/www.instagram.com\/kelpom.fr\/\",\"https:\/\/twitter.com\/Kelpom\"],\"logo\":{\"@type\":\"ImageObject\",\"@id\":\"https:\/\/kelpom.fr\/blog\/#logo\",\"inLanguage\":\"fr-FR\",\"url\":\"https:\/\/kelpom.fr\/blog\/wp-content\/uploads\/2019\/02\/cropped-facebook-app-icon-lg.jpg\",\"contentUrl\":\"https:\/\/kelpom.fr\/blog\/wp-content\/uploads\/2019\/02\/cropped-facebook-app-icon-lg.jpg\",\"width\":512,\"height\":512,\"caption\":\"Kelpom.fr\"},\"image\":{\"@id\":\"https:\/\/kelpom.fr\/blog\/#logo\"}},{\"@type\":\"WebSite\",\"@id\":\"https:\/\/kelpom.fr\/blog\/#website\",\"url\":\"https:\/\/kelpom.fr\/blog\/\",\"name\":\"Kelpom, le Blog\",\"description\":\"Kelpom, l&#039;outil de v\\u00e9rification de num\\u00e9ros de s\\u00e9rie et IMEI Apple\",\"publisher\":{\"@id\":\"https:\/\/kelpom.fr\/blog\/#organization\"},\"potentialAction\":[{\"@type\":\"SearchAction\",\"target\":{\"@type\":\"EntryPoint\",\"urlTemplate\":\"https:\/\/kelpom.fr\/blog\/?s={search_term_string}\"},\"query-input\":\"required name=search_term_string\"}],\"inLanguage\":\"fr-FR\"},{\"@type\":\"ImageObject\",\"@id\":\"https:\/\/kelpom.fr\/blog\/fr\/retrospective-apple-en-2021\/#primaryimage\",\"inLanguage\":\"fr-FR\",\"url\":\"https:\/\/kelpom.fr\/blog\/wp-content\/uploads\/2022\/01\/apple-2021.jpg\",\"contentUrl\":\"https:\/\/kelpom.fr\/blog\/wp-content\/uploads\/2022\/01\/apple-2021.jpg\",\"width\":1200,\"height\":630,\"caption\":\"Apple 2021\"},{\"@type\":\"WebPage\",\"@id\":\"https:\/\/kelpom.fr\/blog\/fr\/retrospective-apple-en-2021\/#webpage\",\"url\":\"https:\/\/kelpom.fr\/blog\/fr\/retrospective-apple-en-2021\/\",\"name\":\"R\\u00e9trospective: Apple en 2021 - Kelpom, le Blog\",\"isPartOf\":{\"@id\":\"https:\/\/kelpom.fr\/blog\/#website\"},\"primaryImageOfPage\":{\"@id\":\"https:\/\/kelpom.fr\/blog\/fr\/retrospective-apple-en-2021\/#primaryimage\"},\"datePublished\":\"2022-01-02T14:39:29+00:00\",\"dateModified\":\"2023-05-21T20:09:06+00:00\",\"description\":\"Retour sur les annonces et les nouveaux iPhone, iPad, Apple Watch, Macs et autres produits lanc\\u00e9s par Apple en 2021\",\"breadcrumb\":{\"@id\":\"https:\/\/kelpom.fr\/blog\/fr\/retrospective-apple-en-2021\/#breadcrumb\"},\"inLanguage\":\"fr-FR\",\"potentialAction\":[{\"@type\":\"ReadAction\",\"target\":[\"https:\/\/kelpom.fr\/blog\/fr\/retrospective-apple-en-2021\/\"]}]},{\"@type\":\"BreadcrumbList\",\"@id\":\"https:\/\/kelpom.fr\/blog\/fr\/retrospective-apple-en-2021\/#breadcrumb\",\"itemListElement\":[{\"@type\":\"ListItem\",\"position\":1,\"name\":\"Accueil\",\"item\":\"https:\/\/kelpom.fr\/blog\/fr\/\"},{\"@type\":\"ListItem\",\"position\":2,\"name\":\"R\\u00e9trospective: Apple en 2021\"}]},{\"@type\":\"Article\",\"@id\":\"https:\/\/kelpom.fr\/blog\/fr\/retrospective-apple-en-2021\/#article\",\"isPartOf\":{\"@id\":\"https:\/\/kelpom.fr\/blog\/fr\/retrospective-apple-en-2021\/#webpage\"},\"author\":{\"@id\":\"https:\/\/kelpom.fr\/blog\/#\/schema\/person\/71d2bb42e2498c4cd183f2417fa4f899\"},\"headline\":\"R\\u00e9trospective: Apple en 2021\",\"datePublished\":\"2022-01-02T14:39:29+00:00\",\"dateModified\":\"2023-05-21T20:09:06+00:00\",\"mainEntityOfPage\":{\"@id\":\"https:\/\/kelpom.fr\/blog\/fr\/retrospective-apple-en-2021\/#webpage\"},\"wordCount\":971,\"commentCount\":0,\"publisher\":{\"@id\":\"https:\/\/kelpom.fr\/blog\/#organization\"},\"image\":{\"@id\":\"https:\/\/kelpom.fr\/blog\/fr\/retrospective-apple-en-2021\/#primaryimage\"},\"thumbnailUrl\":\"https:\/\/kelpom.fr\/blog\/wp-content\/uploads\/2022\/01\/apple-2021.jpg\",\"inLanguage\":\"fr-FR\",\"potentialAction\":[{\"@type\":\"CommentAction\",\"name\":\"Comment\",\"target\":[\"https:\/\/kelpom.fr\/blog\/fr\/retrospective-apple-en-2021\/#respond\"]}]},{\"@type\":\"Person\",\"@id\":\"https:\/\/kelpom.fr\/blog\/#\/schema\/person\/71d2bb42e2498c4cd183f2417fa4f899\",\"name\":\"Guillaume Obajtek\",\"image\":{\"@type\":\"ImageObject\",\"@id\":\"https:\/\/kelpom.fr\/blog\/#personlogo\",\"inLanguage\":\"fr-FR\",\"url\":\"https:\/\/secure.gravatar.com\/avatar\/67b9259c2a67896f313a21c29836a631?s=96&d=mm&r=g\",\"contentUrl\":\"https:\/\/secure.gravatar.com\/avatar\/67b9259c2a67896f313a21c29836a631?s=96&d=mm&r=g\",\"caption\":\"Guillaume Obajtek\"},\"sameAs\":[\"https:\/\/kelpom.fr\"],\"url\":\"https:\/\/kelpom.fr\/blog\/author\/gobajtek\/\"}]}<\/script>\n<!-- \/ Yoast SEO plugin. -->","yoast_head_json":{"title":"R\u00e9trospective: Apple en 2021 - Kelpom, le Blog","description":"Retour sur les annonces et les nouveaux iPhone, iPad, Apple Watch, Macs et autres produits lanc\u00e9s par Apple en 2021","robots":{"index":"index","follow":"follow","max-snippet":"max-snippet:-1","max-image-preview":"max-image-preview:large","max-video-preview":"max-video-preview:-1"},"canonical":"https:\/\/kelpom.fr\/blog\/fr\/retrospective-apple-en-2021\/","og_locale":"fr_FR","og_type":"article","og_title":"R\u00e9trospective: Apple en 2021 - Kelpom, le Blog","og_description":"Retour sur les annonces et les nouveaux iPhone, iPad, Apple Watch, Macs et autres produits lanc\u00e9s par Apple en 2021","og_url":"https:\/\/kelpom.fr\/blog\/fr\/retrospective-apple-en-2021\/","og_site_name":"Kelpom, le Blog","article_publisher":"https:\/\/www.facebook.com\/kelpom","article_published_time":"2022-01-02T14:39:29+00:00","article_modified_time":"2023-05-21T20:09:06+00:00","og_image":[{"width":1200,"height":630,"url":"https:\/\/kelpom.fr\/blog\/wp-content\/uploads\/2022\/01\/apple-2021.jpg","type":"image\/jpeg"}],"twitter_card":"summary_large_image","twitter_creator":"@Kelpom","twitter_site":"@Kelpom","twitter_misc":{"\u00c9crit par":"Guillaume Obajtek","Dur\u00e9e de lecture estim\u00e9e":"7 minutes"},"schema":{"@context":"https:\/\/schema.org","@graph":[{"@type":"Organization","@id":"https:\/\/kelpom.fr\/blog\/#organization","name":"Kelpom.fr","url":"https:\/\/kelpom.fr\/blog\/","sameAs":["https:\/\/www.facebook.com\/kelpom","https:\/\/www.instagram.com\/kelpom.fr\/","https:\/\/twitter.com\/Kelpom"],"logo":{"@type":"ImageObject","@id":"https:\/\/kelpom.fr\/blog\/#logo","inLanguage":"fr-FR","url":"https:\/\/kelpom.fr\/blog\/wp-content\/uploads\/2019\/02\/cropped-facebook-app-icon-lg.jpg","contentUrl":"https:\/\/kelpom.fr\/blog\/wp-content\/uploads\/2019\/02\/cropped-facebook-app-icon-lg.jpg","width":512,"height":512,"caption":"Kelpom.fr"},"image":{"@id":"https:\/\/kelpom.fr\/blog\/#logo"}},{"@type":"WebSite","@id":"https:\/\/kelpom.fr\/blog\/#website","url":"https:\/\/kelpom.fr\/blog\/","name":"Kelpom, le Blog","description":"Kelpom, l&#039;outil de v\u00e9rification de num\u00e9ros de s\u00e9rie et IMEI Apple","publisher":{"@id":"https:\/\/kelpom.fr\/blog\/#organization"},"potentialAction":[{"@type":"SearchAction","target":{"@type":"EntryPoint","urlTemplate":"https:\/\/kelpom.fr\/blog\/?s={search_term_string}"},"query-input":"required name=search_term_string"}],"inLanguage":"fr-FR"},{"@type":"ImageObject","@id":"https:\/\/kelpom.fr\/blog\/fr\/retrospective-apple-en-2021\/#primaryimage","inLanguage":"fr-FR","url":"https:\/\/kelpom.fr\/blog\/wp-content\/uploads\/2022\/01\/apple-2021.jpg","contentUrl":"https:\/\/kelpom.fr\/blog\/wp-content\/uploads\/2022\/01\/apple-2021.jpg","width":1200,"height":630,"caption":"Apple 2021"},{"@type":"WebPage","@id":"https:\/\/kelpom.fr\/blog\/fr\/retrospective-apple-en-2021\/#webpage","url":"https:\/\/kelpom.fr\/blog\/fr\/retrospective-apple-en-2021\/","name":"R\u00e9trospective: Apple en 2021 - Kelpom, le Blog","isPartOf":{"@id":"https:\/\/kelpom.fr\/blog\/#website"},"primaryImageOfPage":{"@id":"https:\/\/kelpom.fr\/blog\/fr\/retrospective-apple-en-2021\/#primaryimage"},"datePublished":"2022-01-02T14:39:29+00:00","dateModified":"2023-05-21T20:09:06+00:00","description":"Retour sur les annonces et les nouveaux iPhone, iPad, Apple Watch, Macs et autres produits lanc\u00e9s par Apple en 2021","breadcrumb":{"@id":"https:\/\/kelpom.fr\/blog\/fr\/retrospective-apple-en-2021\/#breadcrumb"},"inLanguage":"fr-FR","potentialAction":[{"@type":"ReadAction","target":["https:\/\/kelpom.fr\/blog\/fr\/retrospective-apple-en-2021\/"]}]},{"@type":"BreadcrumbList","@id":"https:\/\/kelpom.fr\/blog\/fr\/retrospective-apple-en-2021\/#breadcrumb","itemListElement":[{"@type":"ListItem","position":1,"name":"Accueil","item":"https:\/\/kelpom.fr\/blog\/fr\/"},{"@type":"ListItem","position":2,"name":"R\u00e9trospective: Apple en 2021"}]},{"@type":"Article","@id":"https:\/\/kelpom.fr\/blog\/fr\/retrospective-apple-en-2021\/#article","isPartOf":{"@id":"https:\/\/kelpom.fr\/blog\/fr\/retrospective-apple-en-2021\/#webpage"},"author":{"@id":"https:\/\/kelpom.fr\/blog\/#\/schema\/person\/71d2bb42e2498c4cd183f2417fa4f899"},"headline":"R\u00e9trospective: Apple en 2021","datePublished":"2022-01-02T14:39:29+00:00","dateModified":"2023-05-21T20:09:06+00:00","mainEntityOfPage":{"@id":"https:\/\/kelpom.fr\/blog\/fr\/retrospective-apple-en-2021\/#webpage"},"wordCount":971,"commentCount":0,"publisher":{"@id":"https:\/\/kelpom.fr\/blog\/#organization"},"image":{"@id":"https:\/\/kelpom.fr\/blog\/fr\/retrospective-apple-en-2021\/#primaryimage"},"thumbnailUrl":"https:\/\/kelpom.fr\/blog\/wp-content\/uploads\/2022\/01\/apple-2021.jpg","inLanguage":"fr-FR","potentialAction":[{"@type":"CommentAction","name":"Comment","target":["https:\/\/kelpom.fr\/blog\/fr\/retrospective-apple-en-2021\/#respond"]}]},{"@type":"Person","@id":"https:\/\/kelpom.fr\/blog\/#\/schema\/person\/71d2bb42e2498c4cd183f2417fa4f899","name":"Guillaume Obajtek","image":{"@type":"ImageObject","@id":"https:\/\/kelpom.fr\/blog\/#personlogo","inLanguage":"fr-FR","url":"https:\/\/secure.gravatar.com\/avatar\/67b9259c2a67896f313a21c29836a631?s=96&d=mm&r=g","contentUrl":"https:\/\/secure.gravatar.com\/avatar\/67b9259c2a67896f313a21c29836a631?s=96&d=mm&r=g","caption":"Guillaume Obajtek"},"sameAs":["https:\/\/kelpom.fr"],"url":"https:\/\/kelpom.fr\/blog\/author\/gobajtek\/"}]}},"_links":{"self":[{"href":"https:\/\/kelpom.fr\/blog\/wp-json\/wp\/v2\/posts\/4728"}],"collection":[{"href":"https:\/\/kelpom.fr\/blog\/wp-json\/wp\/v2\/posts"}],"about":[{"href":"https:\/\/kelpom.fr\/blog\/wp-json\/wp\/v2\/types\/post"}],"author":[{"embeddable":true,"href":"https:\/\/kelpom.fr\/blog\/wp-json\/wp\/v2\/users\/1"}],"replies":[{"embeddable":true,"href":"https:\/\/kelpom.fr\/blog\/wp-json\/wp\/v2\/comments?post=4728"}],"version-history":[{"count":14,"href":"https:\/\/kelpom.fr\/blog\/wp-json\/wp\/v2\/posts\/4728\/revisions"}],"predecessor-version":[{"id":4864,"href":"https:\/\/kelpom.fr\/blog\/wp-json\/wp\/v2\/posts\/4728\/revisions\/4864"}],"wp:featuredmedia":[{"embeddable":true,"href":"https:\/\/kelpom.fr\/blog\/wp-json\/wp\/v2\/media\/4849"}],"wp:attachment":[{"href":"https:\/\/kelpom.fr\/blog\/wp-json\/wp\/v2\/media?parent=4728"}],"wp:term":[{"taxonomy":"category","embeddable":true,"href":"https:\/\/kelpom.fr\/blog\/wp-json\/wp\/v2\/categories?post=4728"},{"taxonomy":"post_tag","embeddable":true,"href":"https:\/\/kelpom.fr\/blog\/wp-json\/wp\/v2\/tags?post=4728"}],"curies":[{"name":"wp","href":"https:\/\/api.w.org\/{rel}","templated":true}]}}